{"id":813,"date":"2019-10-17T14:56:02","date_gmt":"2019-10-17T12:56:02","guid":{"rendered":"http:\/\/scn-rando.fr\/?p=813"},"modified":"2020-05-31T00:38:52","modified_gmt":"2020-05-30T22:38:52","slug":"randonnee-de-vaylat-belmont-st-foi","status":"publish","type":"post","link":"http:\/\/scn-rando.fr\/index.php\/2019\/10\/17\/randonnee-de-vaylat-belmont-st-foi\/","title":{"rendered":"Randonn\u00e9e Vaylat-Belmont-St Foi Le 16-10-19"},"content":{"rendered":"<p>Distance : 19 kms\u00a0\u00a0\u00a0\u00a0\u00a0\u00a0\u00a0\u00a0\u00a0\u00a0\u00a0\u00a0\u00a0 <a href=\"http:\/\/scn-rando.fr\/wp-content\/uploads\/2019\/10\/IMG_E1911.jpg\" target=\"_blank\" rel=\"noopener noreferrer\">Le parcours<\/a><br \/>\nDur\u00e9e\u00a0: 6H<br \/>\nD\u00e9nivel\u00e9\u00a0: 230 m<br \/>\nParticipants 8\u00a0: Monique, Dani\u00e8le, Dany, Claire, Norbert, Dominique, Jean-Paul C, Bernard.<\/p>\n<p>Cette randonn\u00e9e campagnarde au c\u0153ur du Quercy, entre coteaux et vallons fut l\u2019occasion de d\u00e9couvrir ou (de red\u00e9couvrir) un patrimoine rural, riche et multiple avec ses maisons anciennes, ses murets en pierres s\u00e8ches, ses for\u00eats, ses bois, ses garriottes etc.\u2026<\/p>\n<p><!--more--><\/p>\n<p>Apr\u00e8s avoir t\u00e2tonn\u00e9 au d\u00e9part de notre circuit pour trouver le GR du pays Midi-Quercy, nous avons pris la direction de Belmont-St Foi et apr\u00e8s un kilom\u00e8tre de marche, nous avons d\u00e9couvert au lieu-dit \u00ab\u00a0les puits\u00a0\u00bb un ancien pigeonnier. Le parcours de 8 kms en sous-bois pour atteindre Belmont St Foi est tr\u00e8s agr\u00e9able et relativement plat, except\u00e9 \u00e0 l\u2019approche de ce charmant petit village situ\u00e9 dans le parc naturel r\u00e9gional des causses du Quercy.<\/p>\n<p>Au centre du village, face au ch\u00e2teau du XIII\u00e8me si\u00e8cle, reconstruit apr\u00e8s la r\u00e9volution, nous avons abouti sur un bel \u00e9tal de fruits et l\u00e9gumes, tenu par une sympathique grand-m\u00e8re quercynoise. Jean-Paul, s\u00e9duit par la qualit\u00e9 des derniers melons de la saison, en acheta 5 en guise de d\u00e9gustation pour notre pique-nique tandis que Dany n\u2019a pas pu r\u00e9sister \u00e0 l\u2019achat de belles tomates. Nous repart\u00eemes avec quelques kilos en plus dans nos sacs \u00e0 dos\u2026\u2026<\/p>\n<p>Au lieu-dit \u00ab\u00a0ENTRAYGUES\u00a0\u00bb nous avons d\u00e9couvert une ferme animali\u00e8re\u00a0\u00ab\u00a0Aux Pr\u00e9s Des B\u00eates\u00a0\u00bb\u00a0qui poss\u00e8de une trentaine d\u2019animaux de ferme et d\u2019ornement et nous avons \u00e9t\u00e9 accueilli par un coq nain au plumage noir dot\u00e9 d\u2019une magnifique crini\u00e8re blanche. Cette ferme est un paradis pour les petits enfants au contact des animaux et de la nature.<\/p>\n<p>Suite \u00e0 une erreur de parcours, nous avons manqu\u00e9 le rendez-vous avec le petit village de MARCENAC et son lac avec son aire de pique-nique pour aboutir face \u00e0 la carri\u00e8re des \u00ab\u00a0Valses\u00a0\u00bb \u00e0 2 kms du point de d\u00e9part au couvent de Vaylats.<\/p>\n<p>Vaylats est un village pittoresque avec son c\u00e9l\u00e8bre couvent de la congr\u00e9gation des s\u0153urs des Filles de J\u00e9sus qui offre un accueil depuis le XIII\u00e8me si\u00e8cle aux p\u00e8lerins du chemin de St Jacques de Compostelle. Une partie de cet ensemble architectural est en pleine r\u00e9novation.<\/p>\n<p>Cette balade laisse \u00e0 chacun un excellent souvenir d\u2019autant que la journ\u00e9e s\u2019est d\u00e9roul\u00e9e sous un soleil magnifique.<br \/>\n<\/p>\n","protected":false},"excerpt":{"rendered":"<p>Distance : 19 kms\u00a0\u00a0\u00a0\u00a0\u00a0\u00a0\u00a0\u00a0\u00a0\u00a0\u00a0\u00a0\u00a0 Le parcours Dur\u00e9e\u00a0: 6H D\u00e9nivel\u00e9\u00a0: 230 m Participants 8\u00a0: Monique, Dani\u00e8le, Dany, Claire, Norbert, Dominique, Jean-Paul C, Bernard. Cette randonn\u00e9e campagnarde au c\u0153ur du Quercy, entre coteaux et vallons fut l\u2019occasion de d\u00e9couvrir ou (de red\u00e9couvrir) un patrimoine rural, riche et multiple avec ses maisons anciennes, ses murets en pierres s\u00e8ches, &hellip; <a href=\"http:\/\/scn-rando.fr\/index.php\/2019\/10\/17\/randonnee-de-vaylat-belmont-st-foi\/\" class=\"more-link\">Continuer la lecture de <span class=\"screen-reader-text\">Randonn\u00e9e Vaylat-Belmont-St Foi Le 16-10-19<\/span>  <span class=\"meta-nav\">&rarr;<\/span><\/a><\/p>\n","protected":false},"author":1,"featured_media":821,"comment_status":"closed","ping_status":"closed","sticky":false,"template":"","format":"standard","meta":{"ngg_post_thumbnail":0,"_jetpack_memberships_contains_paid_content":false,"footnotes":""},"categories":[4],"tags":[],"class_list":["post-813","post","type-post","status-publish","format-standard","has-post-thumbnail","hentry","category-randonnees"],"jetpack_sharing_enabled":true,"jetpack_featured_media_url":"http:\/\/scn-rando.fr\/wp-content\/uploads\/2019\/10\/puits-2.jpg","_links":{"self":[{"href":"http:\/\/scn-rando.fr\/index.php\/wp-json\/wp\/v2\/posts\/813"}],"collection":[{"href":"http:\/\/scn-rando.fr\/index.php\/wp-json\/wp\/v2\/posts"}],"about":[{"href":"http:\/\/scn-rando.fr\/index.php\/wp-json\/wp\/v2\/types\/post"}],"author":[{"embeddable":true,"href":"http:\/\/scn-rando.fr\/index.php\/wp-json\/wp\/v2\/users\/1"}],"replies":[{"embeddable":true,"href":"http:\/\/scn-rando.fr\/index.php\/wp-json\/wp\/v2\/comments?post=813"}],"version-history":[{"count":12,"href":"http:\/\/scn-rando.fr\/index.php\/wp-json\/wp\/v2\/posts\/813\/revisions"}],"predecessor-version":[{"id":1366,"href":"http:\/\/scn-rando.fr\/index.php\/wp-json\/wp\/v2\/posts\/813\/revisions\/1366"}],"wp:featuredmedia":[{"embeddable":true,"href":"http:\/\/scn-rando.fr\/index.php\/wp-json\/wp\/v2\/media\/821"}],"wp:attachment":[{"href":"http:\/\/scn-rando.fr\/index.php\/wp-json\/wp\/v2\/media?parent=813"}],"wp:term":[{"taxonomy":"category","embeddable":true,"href":"http:\/\/scn-rando.fr\/index.php\/wp-json\/wp\/v2\/categories?post=813"},{"taxonomy":"post_tag","embeddable":true,"href":"http:\/\/scn-rando.fr\/index.php\/wp-json\/wp\/v2\/tags?post=813"}],"curies":[{"name":"wp","href":"https:\/\/api.w.org\/{rel}","templated":true}]}}