{"id":742,"date":"2019-10-14T10:03:07","date_gmt":"2019-10-14T08:03:07","guid":{"rendered":"http:\/\/scn-rando.fr\/?p=742"},"modified":"2020-05-31T00:39:37","modified_gmt":"2020-05-30T22:39:37","slug":"randonnee-saint-projet-09-10-19","status":"publish","type":"post","link":"http:\/\/scn-rando.fr\/index.php\/2019\/10\/14\/randonnee-saint-projet-09-10-19\/","title":{"rendered":"Randonn\u00e9e Saint-Projet  le 09 10 19"},"content":{"rendered":"<p>Distance\u00a0:\u00a0 12,5 kms<br \/>\nTemps\u00a0:\u00a0 4H<br \/>\nEffectif\u00a0:\u00a0 15\u00a0\u00a0\u00a0\u00a0 Nadine, Brigitte, Brigitte, Dani\u00e8le, Monique, Maryse, Dani\u00e8le, Nicole, Claire, Fran\u00e7oise, Norbert, Dominique, Claude, Denis, Bernard.<\/p>\n<p>La menace d\u2019un temps maussade et pluvieux n\u2019a pas d\u00e9courag\u00e9 les 15 courageux randonneurs d\u2019\u00eatre pr\u00e9sents \u00e0 8h pour se rendre \u00e0 St Projet afin de parcourir les 12,5 kms pr\u00e9vus pour cette balade automnale. A Septfonds, nous retrouvons nos deux caussadaises, Maryse et Dani\u00e8le, qui nous ont rejoints pour cette randonn\u00e9e.<\/p>\n<p><!--more--><\/p>\n<p>Nous avons pu red\u00e9couvrir le village de St Projet, son c\u00e9l\u00e8bre ch\u00e2teau et sa belle \u00e9glise avant de nous diriger sur d\u2019agr\u00e9ables sentiers en direction du hameau de Saillagol. Tout au long du parcours, nous avons \u00e9t\u00e9 accompagn\u00e9s par un sympathique bas-rouge, calme et amical, qui avait une parfaite connaissance des lieux. Vers 10h, nous avons pris notre d\u00e9jeuner au bord de la \u00ab\u00a0perte du Cros\u00a0\u00bb, petit gouffre dans lequel se perd le ruisseau du Boulat.<\/p>\n<p>A la sortie du hameau de Saillagol, nous avons pu admirer le charmant moulin \u00e0 vent restaur\u00e9 par un couple britannique, Peter et Barbara et tout au long du sentier nous avons aper\u00e7u des garriotes qui servaient autrefois d\u2019abris pour les bergers. En longeant le terrain du camp militaire de Caylus, nous avons crois\u00e9 des militaires \u00e0 l\u2019entrainement au lieu-dit Mas de Gardou.<\/p>\n<p>Sur ce chemin entre prairies et sous-bois, nous regagnons, notre point de d\u00e9part \u00e0 St projet et nous nous s\u00e9parons de notre compagnon canin qui retrouvait son territoire. Quelques gouttes de pluie commen\u00e7aient \u00e0 tomber juste au moment du d\u00e9part\u2026ouf\u00a0! nous sommes rentr\u00e9s \u00e0 temps.<\/p>\n<p style=\"text-align: left;\">Une belle balade \u00e0 effectuer en \u00e9t\u00e9 par un temps ensoleill\u00e9.<\/p>\n<p style=\"text-align: center;\"><\/p>\n","protected":false},"excerpt":{"rendered":"<p>Distance\u00a0:\u00a0 12,5 kms Temps\u00a0:\u00a0 4H Effectif\u00a0:\u00a0 15\u00a0\u00a0\u00a0\u00a0 Nadine, Brigitte, Brigitte, Dani\u00e8le, Monique, Maryse, Dani\u00e8le, Nicole, Claire, Fran\u00e7oise, Norbert, Dominique, Claude, Denis, Bernard. La menace d\u2019un temps maussade et pluvieux n\u2019a pas d\u00e9courag\u00e9 les 15 courageux randonneurs d\u2019\u00eatre pr\u00e9sents \u00e0 8h pour se rendre \u00e0 St Projet afin de parcourir les 12,5 kms pr\u00e9vus pour cette &hellip; <a href=\"http:\/\/scn-rando.fr\/index.php\/2019\/10\/14\/randonnee-saint-projet-09-10-19\/\" class=\"more-link\">Continuer la lecture de <span class=\"screen-reader-text\">Randonn\u00e9e Saint-Projet  le 09 10 19<\/span>  <span class=\"meta-nav\">&rarr;<\/span><\/a><\/p>\n","protected":false},"author":1,"featured_media":746,"comment_status":"closed","ping_status":"closed","sticky":false,"template":"","format":"standard","meta":{"ngg_post_thumbnail":0,"_jetpack_memberships_contains_paid_content":false,"footnotes":""},"categories":[4],"tags":[],"class_list":["post-742","post","type-post","status-publish","format-standard","has-post-thumbnail","hentry","category-randonnees"],"jetpack_sharing_enabled":true,"jetpack_featured_media_url":"http:\/\/scn-rando.fr\/wp-content\/uploads\/2019\/10\/St-Projet-1.jpg","_links":{"self":[{"href":"http:\/\/scn-rando.fr\/index.php\/wp-json\/wp\/v2\/posts\/742"}],"collection":[{"href":"http:\/\/scn-rando.fr\/index.php\/wp-json\/wp\/v2\/posts"}],"about":[{"href":"http:\/\/scn-rando.fr\/index.php\/wp-json\/wp\/v2\/types\/post"}],"author":[{"embeddable":true,"href":"http:\/\/scn-rando.fr\/index.php\/wp-json\/wp\/v2\/users\/1"}],"replies":[{"embeddable":true,"href":"http:\/\/scn-rando.fr\/index.php\/wp-json\/wp\/v2\/comments?post=742"}],"version-history":[{"count":8,"href":"http:\/\/scn-rando.fr\/index.php\/wp-json\/wp\/v2\/posts\/742\/revisions"}],"predecessor-version":[{"id":1367,"href":"http:\/\/scn-rando.fr\/index.php\/wp-json\/wp\/v2\/posts\/742\/revisions\/1367"}],"wp:featuredmedia":[{"embeddable":true,"href":"http:\/\/scn-rando.fr\/index.php\/wp-json\/wp\/v2\/media\/746"}],"wp:attachment":[{"href":"http:\/\/scn-rando.fr\/index.php\/wp-json\/wp\/v2\/media?parent=742"}],"wp:term":[{"taxonomy":"category","embeddable":true,"href":"http:\/\/scn-rando.fr\/index.php\/wp-json\/wp\/v2\/categories?post=742"},{"taxonomy":"post_tag","embeddable":true,"href":"http:\/\/scn-rando.fr\/index.php\/wp-json\/wp\/v2\/tags?post=742"}],"curies":[{"name":"wp","href":"https:\/\/api.w.org\/{rel}","templated":true}]}}