{"id":688,"date":"2019-02-18T00:24:01","date_gmt":"2019-02-17T23:24:01","guid":{"rendered":"http:\/\/scn-rando.fr\/?p=688"},"modified":"2020-05-31T00:43:07","modified_gmt":"2020-05-30T22:43:07","slug":"le-scn-rando-a-un-nouveau-president","status":"publish","type":"post","link":"http:\/\/scn-rando.fr\/index.php\/2019\/02\/18\/le-scn-rando-a-un-nouveau-president\/","title":{"rendered":"Le SCN RANDO a un nouveau pr\u00e9sident"},"content":{"rendered":"<p><img loading=\"lazy\" decoding=\"async\" class=\"wp-image-689 size-medium alignnone\" src=\"http:\/\/scn-rando.fr\/wp-content\/uploads\/2019\/10\/logo_petit_journal-300x128.png\" alt=\"\" width=\"300\" height=\"128\" srcset=\"http:\/\/scn-rando.fr\/wp-content\/uploads\/2019\/10\/logo_petit_journal-300x128.png 300w, http:\/\/scn-rando.fr\/wp-content\/uploads\/2019\/10\/logo_petit_journal.png 446w\" sizes=\"(max-width: 300px) 100vw, 300px\" \/><\/p>\n<p>Publi\u00e9 le<span style=\"color: #000000;\">\u00a0<a style=\"color: #000000;\" href=\"https:\/\/www.lepetitjournal.net\/82-tarn-et-garonne\/2019\/02\/18\/le-scn-rando-a-un-nouveau-president\/\" rel=\"bookmark\"><time class=\"entry-date published updated\" datetime=\"2019-02-18T07:54:42+00:00\">18 f\u00e9vrier 2019<\/time><\/a><\/span><\/p>\n<p style=\"text-align: justify;\">Ce mercredi 12 f\u00e9vrier \u00e0 Vaissac s\u2019est tenu l\u2019assembl\u00e9e g\u00e9n\u00e9rale de l\u2019association SCN Rando. L\u2019occasion pour le pr\u00e9sident Norbert Maisonneuve de remercier tous les participants et d\u2019annoncer le passage du flambeau \u00e0 une nouvelle \u00e9quipe apr\u00e8s treize ann\u00e9es pass\u00e9es \u00e0 se consacrer avec son \u00e9pouse aux destin\u00e9es de ce club.<\/p>\n<p style=\"text-align: justify;\"><!--more--> Il a donc pr\u00e9sid\u00e9 cette assembl\u00e9e une derni\u00e8re fois avant de proposer aux suffrages la candidature de Bernard Valette et son \u00e9quipe. Le nouveau pr\u00e9sident a \u00e9t\u00e9 d\u00e9sign\u00e9 \u00e0 l\u2019unanimit\u00e9 et apr\u00e8s avoir remerci\u00e9 Norbert pour le travail accompli, il a d\u00e9clar\u00e9 qu\u2019il allait pouvoir g\u00e9rer les affaires du club et proposer des randonn\u00e9es accessibles \u00e0 toutes et tous qui attirent toujours beaucoup de sympathisants.<\/p>\n","protected":false},"excerpt":{"rendered":"<p>Publi\u00e9 le\u00a018 f\u00e9vrier 2019 Ce mercredi 12 f\u00e9vrier \u00e0 Vaissac s\u2019est tenu l\u2019assembl\u00e9e g\u00e9n\u00e9rale de l\u2019association SCN Rando. L\u2019occasion pour le pr\u00e9sident Norbert Maisonneuve de remercier tous les participants et d\u2019annoncer le passage du flambeau \u00e0 une nouvelle \u00e9quipe apr\u00e8s treize ann\u00e9es pass\u00e9es \u00e0 se consacrer avec son \u00e9pouse aux destin\u00e9es de ce club.<\/p>\n","protected":false},"author":2,"featured_media":691,"comment_status":"closed","ping_status":"closed","sticky":false,"template":"","format":"standard","meta":{"ngg_post_thumbnail":0,"_jetpack_memberships_contains_paid_content":false,"footnotes":""},"categories":[6],"tags":[],"class_list":["post-688","post","type-post","status-publish","format-standard","has-post-thumbnail","hentry","category-presse"],"jetpack_sharing_enabled":true,"jetpack_featured_media_url":"http:\/\/scn-rando.fr\/wp-content\/uploads\/2019\/02\/Photo0177-768x576.jpg","_links":{"self":[{"href":"http:\/\/scn-rando.fr\/index.php\/wp-json\/wp\/v2\/posts\/688"}],"collection":[{"href":"http:\/\/scn-rando.fr\/index.php\/wp-json\/wp\/v2\/posts"}],"about":[{"href":"http:\/\/scn-rando.fr\/index.php\/wp-json\/wp\/v2\/types\/post"}],"author":[{"embeddable":true,"href":"http:\/\/scn-rando.fr\/index.php\/wp-json\/wp\/v2\/users\/2"}],"replies":[{"embeddable":true,"href":"http:\/\/scn-rando.fr\/index.php\/wp-json\/wp\/v2\/comments?post=688"}],"version-history":[{"count":6,"href":"http:\/\/scn-rando.fr\/index.php\/wp-json\/wp\/v2\/posts\/688\/revisions"}],"predecessor-version":[{"id":1372,"href":"http:\/\/scn-rando.fr\/index.php\/wp-json\/wp\/v2\/posts\/688\/revisions\/1372"}],"wp:featuredmedia":[{"embeddable":true,"href":"http:\/\/scn-rando.fr\/index.php\/wp-json\/wp\/v2\/media\/691"}],"wp:attachment":[{"href":"http:\/\/scn-rando.fr\/index.php\/wp-json\/wp\/v2\/media?parent=688"}],"wp:term":[{"taxonomy":"category","embeddable":true,"href":"http:\/\/scn-rando.fr\/index.php\/wp-json\/wp\/v2\/categories?post=688"},{"taxonomy":"post_tag","embeddable":true,"href":"http:\/\/scn-rando.fr\/index.php\/wp-json\/wp\/v2\/tags?post=688"}],"curies":[{"name":"wp","href":"https:\/\/api.w.org\/{rel}","templated":true}]}}