{"id":3400,"date":"2024-10-31T22:49:13","date_gmt":"2024-10-31T21:49:13","guid":{"rendered":"http:\/\/scn-rando.fr\/?p=3400"},"modified":"2024-10-31T22:49:13","modified_gmt":"2024-10-31T21:49:13","slug":"sejour-octobre-2024-en-espagne-a-calella-de-palafrugell","status":"publish","type":"post","link":"http:\/\/scn-rando.fr\/index.php\/2024\/10\/31\/sejour-octobre-2024-en-espagne-a-calella-de-palafrugell\/","title":{"rendered":"S\u00e9jour octobre 2024 &#8211; \u00ab\u00a0En Espagne \u00e0 Calella de Palafrugell\u00a0\u00bb"},"content":{"rendered":"<p>S\u00e9jour Automnal en Espagne \u00e0 CALELLA DE PALAFRUGELL<\/p>\n<p>\u00ab UNE merveille blanche et bleu sur la Costa Brava \u00bb<br \/>\nH\u00f4tel GARBI****<br \/>\nDu lundi 07 Octobre au vendredi 11 Octobre 2024.<\/p>\n<p>Calella de Palafrugell est un des plus beaux sites c\u00f4tiers de la Costa Brava, h\u00e9riss\u00e9 de 2 caps qui s\u2019\u00e9lancent vers le large, le Cap SEBASTIA et le Cap ROIG. Un paysage min\u00e9ral de criques douces, de pins parasols acrobatiques et d\u2019eaux d\u2019un bleu insolent. C\u2019est l\u2019une des villes touristiques les plus populaires de la Costa Brava. Dans tous les coins de la ville on peut observer la tradition de la p\u00eache qui se refl\u00e8te dans la gastronomie. Les jardins botaniques de cap Roig, le phare de Sant-SEBASTIA, le vieux quartier, et la promenade de front de mer sont autant de points d\u2019int\u00e9r\u00eat \u00e0 voir \u00e0 Calella de Palafrugell. Dans les environs, des falaises impressionnantes et des criques cach\u00e9es vous attendent au cours de nos randonn\u00e9es p\u00e9destres qui offrent des points de vue uniques sur le littoral de la Costa Brava. Nous sommes certains que vous adorerez cet ancien village de p\u00eacheurs dot\u00e9 d\u2019une attraction ou d\u2019une beaut\u00e9 particuli\u00e8re qui captive et enchante le visiteur.<\/p>\n<p>PROGRAMME DU SEJOUR :<br \/>\n\u00ab UN ESPRIT DE PARTAGE ET DE CONVIVIALITE AU COURS DU SEJOUR \u00bb<br \/>\nProgramme modifiable selon les conditions m\u00e9t\u00e9orologiques :<br \/>\nPossibilit\u00e9 de visite de la ville de la Bispal d\u2019Emporda r\u00e9put\u00e9e pour la production de c\u00e9ramique et de poterie (visite du mus\u00e9e de la poterie et de la c\u00e9ramique \u00e0 effectuer en cas de m\u00e9t\u00e9o d\u00e9favorable).<\/p>\n<p>\u25cf Jour 1 : Lundi 07\/10\/24.<br \/>\nD\u00e9part \u2192 BIOULE : domicile de Claire et Bernard \u00e0 7H30 apr\u00e8s regroupement (4 p\/voiture).<br \/>\nArriv\u00e9e \u2192 H\u00f4tel GARBI, Avinguda de Baldomer Gill i Roig, 20, 17210 Calella de Palafrugell GIRONA (Espagne.) Tel + 34 972 61 40 40. Arriv\u00e9e probable vers 12H.<\/p>\n<p>12H30 : Rando commune : CALELLA \u2192LLAFRANC\u2192 8 km (balade facile sur le chemin de ronde). D\u00e9jeuner au bord de la mer, pique-nique tir\u00e9 du sac \u00e0 dos.<br \/>\n17H : Retour \u00e0 l\u2019h\u00f4tel Garbi et installation dans les chambre<br \/>\n18H30 : bilan journ\u00e9e autour d\u2019un ap\u00e9ro convivial.<br \/>\n20H : Diner.<\/p>\n<p>\u25cf Jour 2 : Mardi 08\/10\/24.<br \/>\nD\u00e9part : 9 H\u2192 Groupe I : Rando du CAP ROIG vers PALAMOS, 12 km<br \/>\n9H\u2192 Groupe 2 : Rando du CAP ROIG vers PALAMOS, 7 km.<br \/>\n13H\u219214H\u2192 Pique-nique tir\u00e9 du sac.<br \/>\n14H\u2192visite des jardins de Cap Roig.<br \/>\n16H\u2192 balade front de mer.<br \/>\n17H\u2192 retour h\u00f4tel Garbi + ravitaillement pique-nique du lendemain.<br \/>\n18H30\u2192Bilan journ\u00e9e et ap\u00e9ro.<br \/>\n20H Diner<\/p>\n<p>\u25cf Jour 3 : Mercredi 09\/10\/24.<br \/>\nD\u00e9part : 9H\u2192 Groupe I : rando LLAFRANC\u2192TAMARIU, 12 km \u2192 d\u00e9part du Fort de cap Sant Sebastia.<br \/>\n9H\u2192 Groupe 2 : rando PALAMOS\u2192PLATJA -D\u2019ARO 7km<br \/>\nD\u00e9part rando : Palamos.<br \/>\n13H\u2192 pause pique-nique lieux diff\u00e9rents.<br \/>\n15H\u2192 regroupement terrasse de l\u2019h\u00f4tel du Fort de Sant SEBASTIA.<br \/>\n16H\u2192 visite des villages PERATALLADA\/ PALS<br \/>\n17H30\u2192retour H\u00f4tel + ravitaillement pique-nique.<br \/>\n18H30\u2192 Bilan journ\u00e9e et Ap\u00e9ro.<br \/>\n20H\u2192 Diner.<\/p>\n<p>\u25cf Jour 4 : Jeudi 10\/10\/24.<br \/>\nD\u00e9part : 9H\u2192Groupe 1 : rando Ch\u00e2teau de MONTGRI : 10 km<br \/>\n9H\u2192Groupe 2 : rando ch\u00e2teau de MONTGRI : 5 km.<br \/>\n12h30\u2192 regroupement et pique-nique Ch\u00e2teau de MONTGRI.<br \/>\n14H30\u2192 Visite des villages de BEGUR et L\u2019ESTARTIT<br \/>\n17H30\u2192 retour h\u00f4tel.<br \/>\n18H30\u2192Bilan journ\u00e9e et ap\u00e9ro<br \/>\n20H\u2192 Diner.<\/p>\n<p>\u25cf Jour 5 : Vendredi 11\/10\/24.<br \/>\nD\u00e9part : 9H\u2192 Visite \u00e0 pied de G\u00e9rone et sa cit\u00e9 m\u00e9di\u00e9vale<br \/>\n&nbsp;&nbsp;&nbsp; Visite incontournable de la cath\u00e9drale saint Marie<br \/>\n&nbsp;&nbsp;&nbsp; Visite du quartier Juif- El CALL<br \/>\n&nbsp;&nbsp;&nbsp; Visite des bains arabes.<br \/>\n&nbsp;&nbsp;&nbsp; Visite de la basilique Sainte Marie.<br \/>\n&nbsp;&nbsp;&nbsp; Promenade sur les remparts<br \/>\n13H : D\u00e9jeuner au restaurant<br \/>\n16H : d\u00e9part\u2192 Bioule.<\/p>\n","protected":false},"excerpt":{"rendered":"<p>S\u00e9jour Automnal en Espagne \u00e0 CALELLA DE PALAFRUGELL \u00ab UNE merveille blanche et bleu sur la Costa Brava \u00bb H\u00f4tel GARBI**** Du lundi 07 Octobre au vendredi 11 Octobre 2024. Calella de Palafrugell est un des plus beaux sites c\u00f4tiers de la Costa Brava, h\u00e9riss\u00e9 de 2 caps qui s\u2019\u00e9lancent vers le large, le Cap &hellip; <a href=\"http:\/\/scn-rando.fr\/index.php\/2024\/10\/31\/sejour-octobre-2024-en-espagne-a-calella-de-palafrugell\/\" class=\"more-link\">Continuer la lecture de <span class=\"screen-reader-text\">S\u00e9jour octobre 2024 &#8211; \u00ab\u00a0En Espagne \u00e0 Calella de Palafrugell\u00a0\u00bb<\/span>  <span class=\"meta-nav\">&rarr;<\/span><\/a><\/p>\n","protected":false},"author":1,"featured_media":3393,"comment_status":"closed","ping_status":"closed","sticky":false,"template":"","format":"standard","meta":{"ngg_post_thumbnail":0,"_jetpack_memberships_contains_paid_content":false,"footnotes":""},"categories":[5],"tags":[],"class_list":["post-3400","post","type-post","status-publish","format-standard","has-post-thumbnail","hentry","category-sejour"],"jetpack_sharing_enabled":true,"jetpack_featured_media_url":"http:\/\/scn-rando.fr\/wp-content\/uploads\/2024\/10\/SEJOUR-CALELLA-DE-PALAFRUGELL-09-2024-.jpg","_links":{"self":[{"href":"http:\/\/scn-rando.fr\/index.php\/wp-json\/wp\/v2\/posts\/3400"}],"collection":[{"href":"http:\/\/scn-rando.fr\/index.php\/wp-json\/wp\/v2\/posts"}],"about":[{"href":"http:\/\/scn-rando.fr\/index.php\/wp-json\/wp\/v2\/types\/post"}],"author":[{"embeddable":true,"href":"http:\/\/scn-rando.fr\/index.php\/wp-json\/wp\/v2\/users\/1"}],"replies":[{"embeddable":true,"href":"http:\/\/scn-rando.fr\/index.php\/wp-json\/wp\/v2\/comments?post=3400"}],"version-history":[{"count":1,"href":"http:\/\/scn-rando.fr\/index.php\/wp-json\/wp\/v2\/posts\/3400\/revisions"}],"predecessor-version":[{"id":3401,"href":"http:\/\/scn-rando.fr\/index.php\/wp-json\/wp\/v2\/posts\/3400\/revisions\/3401"}],"wp:featuredmedia":[{"embeddable":true,"href":"http:\/\/scn-rando.fr\/index.php\/wp-json\/wp\/v2\/media\/3393"}],"wp:attachment":[{"href":"http:\/\/scn-rando.fr\/index.php\/wp-json\/wp\/v2\/media?parent=3400"}],"wp:term":[{"taxonomy":"category","embeddable":true,"href":"http:\/\/scn-rando.fr\/index.php\/wp-json\/wp\/v2\/categories?post=3400"},{"taxonomy":"post_tag","embeddable":true,"href":"http:\/\/scn-rando.fr\/index.php\/wp-json\/wp\/v2\/tags?post=3400"}],"curies":[{"name":"wp","href":"https:\/\/api.w.org\/{rel}","templated":true}]}}