{"id":3074,"date":"2024-02-20T23:18:02","date_gmt":"2024-02-20T22:18:02","guid":{"rendered":"http:\/\/scn-rando.fr\/?p=3074"},"modified":"2024-02-20T23:38:56","modified_gmt":"2024-02-20T22:38:56","slug":"sejour-octobre-2023-escapade-automnale-a-rosas-costa-brava","status":"publish","type":"post","link":"http:\/\/scn-rando.fr\/index.php\/2024\/02\/20\/sejour-octobre-2023-escapade-automnale-a-rosas-costa-brava\/","title":{"rendered":"S\u00e9jour octobre 2023 &#8211; Escapade Automnale \u00e0 Rosas (Costa Brava)"},"content":{"rendered":"<p>Ce s\u00e9jour organis\u00e9 par SCN-RANDO se d\u00e9roulera \u00e0 partir de l\u2019h\u00f4tel SPA MONTECARLO, av de la platja santa Margarita, 17480 ROSES, <!--more-->Costa Brava. Tel 0034 972 25 66 73. H\u00f4tel 3 \u00e9toiles, en bord de plage, en demi-pension (chambre double ou simple) du lundi 02 octobre au vendredi 06 octobre 2023 (repas de midi du vendredi inclus.)<br \/>\nCe s\u00e9jour est r\u00e9serv\u00e9 aux adh\u00e9rents de SCN-RANDO pour un collectif de 20 personnes minimum au tarif de groupe appliqu\u00e9 par l\u2019h\u00f4tel.<br \/>\nLe d\u00e9placement se fera en voiture individuelle, au co\u00fbt du covoiturage mentionn\u00e9 sur le projet financier et compris dans le co\u00fbt global du s\u00e9jour : 71\u20ac.<br \/>\nLe Prix comprend :<br \/>\n&#8211; La demi-pension en chambre double du lundi au jeudi soir.<br \/>\n&#8211; Les boissons incluses (eau, vin par repas)<br \/>\n&#8211; Les activit\u00e9s propos\u00e9es.<br \/>\nLe prix ne comprend pas :<br \/>\n&#8211; Les repas de midi<br \/>\n&#8211; Les consommations au bar<br \/>\n&#8211; Option : Suppl\u00e9ment chambre individuelle 22 \u20ac x 4 = 88 \u20ac<br \/>\nCl\u00f4tures des inscriptions le dimanche 27 ao\u00fbt 2023.<br \/>\n2<br \/>\nProgramme roSaS DU 02\/10\/23 aU 06\/10\/23. S\u00e9joUr SPortif, cUltUrel et toUriStiqUe<br \/>\nPROGRAMME MODIFIABLE SELON LES CONDITIONS METEOROLOGIQUES<br \/>\n\u25cf LUNDI 02\/10\/23 : D\u00e9part 7H30 \u00e0 Bioule du domicile de Bernard et Claire.<br \/>\nArriv\u00e9e 11H30 \u00e0 ROSAS (D\u00e9p\u00f4t des bagages \u00e0 l\u2019h\u00f4tel Montecarlo, si accord de la r\u00e9ception.)<br \/>\n-D\u00e9part de la rando \u00ab bords de mer \u00bb : 12H30 : plage ROSAS-CANYELLES-GROSSES, prendre la direction MONTJOY, carrer Paul GAUGUIN. D\u00e9part CALA DEL LLEDO GR 92\u2192circuit MONTJOY, 10 km aller et retour<br \/>\n&#8211; Installation \u00e0 l\u2019H\u00f4tel Montecarlo : 18H.<br \/>\n\u25cf MARDI 03\/10\/23 : D\u00e9part 9H45 : Bateau croisi\u00e8re Rosas \u00e0 Cadaques.<br \/>\nRetour 13H30 devant l\u2019h\u00f4tel :<br \/>\n-13H45 : Pique-nique sur la plage<br \/>\n-15H : Visite des ruines d\u2019AMPURIAS.<br \/>\n&#8211; 17H : retour \u00e0 l\u2019h\u00f4tel. SPA.<br \/>\n\u25cf MERCREDI 04\/10\/23 : D\u00e9part 9H du Groupe1 au parking de La PALAU SAVERDERA<br \/>\n&#8211; Rando : 9H30\u219211H : LA PALAU-SAVERDERA \u00e0 L\u2019ERMITA DE SAN ONOFRE<br \/>\nSac \u00e0 dos l\u00e9ger et chaussures de marche montantes : circuit tr\u00e8s rocailleux : D\u00e9nivel\u00e9 700 m.<br \/>\nD\u00e9part 9H du groupe2. Parking \u00e0 hauteur du MAS DE LA PARLERA. :<br \/>\n&#8211; Rando : 9H45\u219211H Circuit 4km vers l\u2019ERMITA de SAN ONOFRE. Jonction des 2 groupes \u00e0 la chapelle San-Onofre \u00e0 11H.<br \/>\n&#8211; Groupe2 : Pique-nique \u00e0 l\u2019\u00e9glise de San H\u00e9l\u00e9na.<br \/>\n&#8211; Groupe1 : Pique-nique au Castel de San Salvador.<br \/>\n&#8211; 14H : Visite guid\u00e9e du monast\u00e8re de San-PERE de RODES et d\u00e9gustation produits locaux.<br \/>\n&#8211; Groupe2 : 16H30 : balade baie de ROSAS, SPA, \u00ab Shopping \u00bb<br \/>\n&#8211; Groupe1 : retour, descente \u00e0 la PALAU-SAVERDERA par le sentier<br \/>\n&#8211; 19H : retour H\u00f4tel.<br \/>\n\u25cf JEUDI 05\/10\/23 : D\u00e9part H\u00f4tel : 8H30 : Groupe1 \u2192Parking PORTILLIGAT-CADAQUES.<br \/>\n&#8211; Rando : D\u00e9part rando 9H30 : Circuit 6 km\u2192PORTILLIGAT vers CAP CREUS. &#8212; 11H : Arriv\u00e9e au Cap Creus.<br \/>\n&#8211; D\u00e9part h\u00f4tel : 9H30Groupe 2 \u219210H30 : visite du cap ce Creus.<br \/>\n3<br \/>\n&#8211; Jonction des 2 groupes \u00e0 11H au Fort du Cap de Creus \u00e0 (l\u2019arriv\u00e9e du GR 92 pr\u00e8s du resto.)<br \/>\n-11H15 : D\u00e9part des 2 groupes vers le PLA de TUDELA.<br \/>\n-12H00 : D\u00e9jeuner pique-nique \u00e0 la Maison du P\u00e9cheur (petite crique)<br \/>\n-12H30 : D\u00e9part rando vers le PLA de TUDELA et retour au parking de Cap de Creus \u00e0 14H30.<br \/>\n&#8211; 15H30 : visite de la maison de DALI et fl\u00e2nerie \u00e0 Cadaqu\u00e8s<br \/>\n&#8211; 18H ; retour \u00e0 l\u2019H\u00f4tel.<br \/>\n\u25cf Vendredi 06\/10\/23. \u2192 9H \u00e0 12H Tourisme, Shopping \u00e0 Rosas.<br \/>\n&#8211; 12H : D\u00e9jeuner \u00e0 l\u2019h\u00f4tel Montecarlo. (ou un autre restaurant)<br \/>\n&#8211; 14H30 : D\u00e9part Bioule.<br \/>\nSEJOUR \u00e0 ROSAS COSTA-BRAVA<br \/>\nS\u00e9jour d\u00e9couverte et randonn\u00e9es \u00e0 partir de l\u2019H\u00f4tel-SPA MONTECARLO.<br \/>\n5 jours-4 nuits<br \/>\nBudget pr\u00e9visionnel : minimum 20 participants.<br \/>\nA) H\u00f4tellerie Restauration : Demi-pension.<br \/>\n1) Demi -pension chambre double : 48,50 \u20ac par personne :<br \/>\n2) Suppl\u00e9ment chambre individuelle 22,0 \u20ac x 4 soit 88, 00 \u20ac<br \/>\nPour un groupe de 20 personnes en chambres doubles : jour 1 \u2192 48,50 \u20ac X 20 = 970 \u20ac<br \/>\nJour 2 ,3 ,4, \u2192 48,50 \u20ac X 20 = 970 X 3= 2910 \u20ac<br \/>\nJour 5\u2192 25 \u20ac X 20 = 500 \u20ac (d\u00e9jeuner de midi \u00e0 l\u2019h\u00f4tel ou autre)<br \/>\nTotal H\u00e9bergement -demi-pension+ taxe : 4380 \u20ac +150\u20ac (taxe s\u00e9jour) =4530 \u20ac<br \/>\nB) Budget carburant- p\u00e9age :<br \/>\na) N\u00e8grepelisse \u2192 Rosas = 350 km X 2 = 700 km + 200km = 900 km X 0,25 \u20ac= 225 \u20ac<br \/>\nb) P\u00e9age : 30 \u20ac X 2 = 60 \u20ac : Nb de v\u00e9hicules : 5<br \/>\nTotal : 225 + 60 = 285 \u20ac soit\/ personne 285 : 4 = 71 \u20ac X 20 = 1420 \u20ac<br \/>\n&#8211; Soit 71\u20ac\/ participant.<br \/>\nTotal : H\u00f4tellerie-restauration- carburant et p\u00e9age = 4530+1420 = 5950 \u20ac : 20 = 298 \u20ac\/ personne.<br \/>\nC) Activit\u00e9s :<br \/>\n&#8211; Monast\u00e8re de St P\u00e8re de Rhodes :1 heure de visite + d\u00e9gustation = 180 \u20ac<br \/>\n-Excursion en bateau de Rosas \u00e0 Cadaqu\u00e9s : 23 \u20ac x 20 = 460 \u20ac.<br \/>\n-rando L\u2019Almadrava-Punta Falconera :8,5 km (facile.)<br \/>\n&#8211; rando route des m\u00e9galithes dur\u00e9e 3 h. Peu de difficult\u00e9s.<br \/>\n&#8211; rando Cap de Creus, sentier littoral de Roses : 15 km, 4H 30. (Boucle)<br \/>\n&#8211; visite Cadaques +mus\u00e9e de Dali \u00e0 Figueres. : 13 \u20ac X 20 = 260 \u20ac.<br \/>\n4<br \/>\n&#8211; visite guid\u00e9e des ruines d\u2019Ampurias : 8 \u20ac X 20 = 160 \u20ac<br \/>\nTotal : 180 + 460 + 160 + 260 = 1060\u20ac<br \/>\nCO\u00dbT TOTAL\/PERSONNE : 351 \u20ac<br \/>\nCo\u00fbt individuel\/ chambre double \u2192 351 \u20ac<br \/>\nCo\u00fbt : Chambre individuelle\u2192 439 \u20ac<\/p>\n","protected":false},"excerpt":{"rendered":"<p>Ce s\u00e9jour organis\u00e9 par SCN-RANDO se d\u00e9roulera \u00e0 partir de l\u2019h\u00f4tel SPA MONTECARLO, av de la platja santa Margarita, 17480 ROSES,<\/p>\n","protected":false},"author":1,"featured_media":3077,"comment_status":"closed","ping_status":"closed","sticky":false,"template":"","format":"standard","meta":{"ngg_post_thumbnail":0,"_jetpack_memberships_contains_paid_content":false,"footnotes":""},"categories":[5],"tags":[],"class_list":["post-3074","post","type-post","status-publish","format-standard","has-post-thumbnail","hentry","category-sejour"],"jetpack_sharing_enabled":true,"jetpack_featured_media_url":"http:\/\/scn-rando.fr\/wp-content\/uploads\/2024\/02\/WhatsApp-Image-2023-10-04-a-12.58.23_dc490ced-Copie.jpg","_links":{"self":[{"href":"http:\/\/scn-rando.fr\/index.php\/wp-json\/wp\/v2\/posts\/3074"}],"collection":[{"href":"http:\/\/scn-rando.fr\/index.php\/wp-json\/wp\/v2\/posts"}],"about":[{"href":"http:\/\/scn-rando.fr\/index.php\/wp-json\/wp\/v2\/types\/post"}],"author":[{"embeddable":true,"href":"http:\/\/scn-rando.fr\/index.php\/wp-json\/wp\/v2\/users\/1"}],"replies":[{"embeddable":true,"href":"http:\/\/scn-rando.fr\/index.php\/wp-json\/wp\/v2\/comments?post=3074"}],"version-history":[{"count":1,"href":"http:\/\/scn-rando.fr\/index.php\/wp-json\/wp\/v2\/posts\/3074\/revisions"}],"predecessor-version":[{"id":3075,"href":"http:\/\/scn-rando.fr\/index.php\/wp-json\/wp\/v2\/posts\/3074\/revisions\/3075"}],"wp:featuredmedia":[{"embeddable":true,"href":"http:\/\/scn-rando.fr\/index.php\/wp-json\/wp\/v2\/media\/3077"}],"wp:attachment":[{"href":"http:\/\/scn-rando.fr\/index.php\/wp-json\/wp\/v2\/media?parent=3074"}],"wp:term":[{"taxonomy":"category","embeddable":true,"href":"http:\/\/scn-rando.fr\/index.php\/wp-json\/wp\/v2\/categories?post=3074"},{"taxonomy":"post_tag","embeddable":true,"href":"http:\/\/scn-rando.fr\/index.php\/wp-json\/wp\/v2\/tags?post=3074"}],"curies":[{"name":"wp","href":"https:\/\/api.w.org\/{rel}","templated":true}]}}