{"id":2014,"date":"2021-09-15T17:55:00","date_gmt":"2021-09-15T15:55:00","guid":{"rendered":"http:\/\/scn-rando.fr\/?p=2014"},"modified":"2021-09-15T17:59:18","modified_gmt":"2021-09-15T15:59:18","slug":"forum-des-associations-2021","status":"publish","type":"post","link":"http:\/\/scn-rando.fr\/index.php\/2021\/09\/15\/forum-des-associations-2021\/","title":{"rendered":"FORUM DES ASSOCIATIONS 2021"},"content":{"rendered":"<p>Le forum des associations est le rendez-vous traditionnel et incontournable de la rentr\u00e9e. Le samedi 04 septembre 2021, notre association \u00ab SCN-RANDO-L\u2019ECHAPPEE OCCITANE \u00bb \u00e9tait pr\u00e9sente \u00e0 N\u00e8grepelisse de 13h30 \u00e0 18h30 pour promouvoir la randonn\u00e9e p\u00e9destre ainsi que les activit\u00e9s et les projets du club et permettre ainsi de nous faire mieux connaitre au sein du secteur associatif de la ville et des environs.<\/p>\n<p><!--more--><br \/>\nBrigitte LEFEVRE, Fran\u00e7oise Le DANTEC, Jean-Paul PELLETIER, G\u00e9rard JEUDY et Bernard VALETTE ont install\u00e9 le stand et assur\u00e9 l\u2019accueil et l\u2019animation au cours de cet apr\u00e8s-midi ensoleill\u00e9 de fin d\u2019\u00e9t\u00e9. Une quinzaine de personnes, motiv\u00e9es par la pratique de la marche \u00e0 pied se sont pr\u00e9sent\u00e9es \u00e0 notre stand pour d\u00e9couvrir le projet de notre club ainsi que le programme de nos randonn\u00e9es hebdomadaires. Le diaporama cr\u00e9\u00e9 \u00e0 cette occasion a permis de pr\u00e9senter tr\u00e8s concr\u00e8tement et d\u2019une fa\u00e7on plus vivante nos activit\u00e9s et la vie de l\u2019association. Gageons que cette participation au forum des associations saura attirer de nouveaux adh\u00e9rents \u00e0 l\u2019occasion des prochaines randonn\u00e9es.<br \/>\nLe forum s\u2019est bien d\u00e9roul\u00e9 malgr\u00e9 une affluence mod\u00e9r\u00e9e ; le passe-sanitaire ayant limit\u00e9 l\u2019entr\u00e9e des personnes non-vaccin\u00e9es. Nous remercions la municipalit\u00e9 et les services techniques de la ville pour cette organisation dans l\u2019enceinte du ch\u00e2teau appr\u00e9ci\u00e9e par les acteurs associatifs pr\u00e9sents.<br \/>\nNous remercions chaleureusement les adh\u00e9rents qui nous ont rendu visite \u00e0 l\u2019occasion de cette deuxi\u00e8me participation au forum des associations.<br \/>\nLe pr\u00e9sident de l\u2019association SCN-RANDO \u00ab l\u2019\u00e9chapp\u00e9e occitane \u00bb<\/p>\n","protected":false},"excerpt":{"rendered":"<p>Le forum des associations est le rendez-vous traditionnel et incontournable de la rentr\u00e9e. Le samedi 04 septembre 2021, notre association \u00ab SCN-RANDO-L\u2019ECHAPPEE OCCITANE \u00bb \u00e9tait pr\u00e9sente \u00e0 N\u00e8grepelisse de 13h30 \u00e0 18h30 pour promouvoir la randonn\u00e9e p\u00e9destre ainsi que les activit\u00e9s et les projets du club et permettre ainsi de nous faire mieux connaitre au &hellip; <a href=\"http:\/\/scn-rando.fr\/index.php\/2021\/09\/15\/forum-des-associations-2021\/\" class=\"more-link\">Continuer la lecture de <span class=\"screen-reader-text\">FORUM DES ASSOCIATIONS 2021<\/span>  <span class=\"meta-nav\">&rarr;<\/span><\/a><\/p>\n","protected":false},"author":1,"featured_media":2013,"comment_status":"closed","ping_status":"closed","sticky":false,"template":"","format":"standard","meta":{"ngg_post_thumbnail":0,"_jetpack_memberships_contains_paid_content":false,"footnotes":""},"categories":[10],"tags":[],"class_list":["post-2014","post","type-post","status-publish","format-standard","has-post-thumbnail","hentry","category-participations"],"jetpack_sharing_enabled":true,"jetpack_featured_media_url":"http:\/\/scn-rando.fr\/wp-content\/uploads\/2021\/09\/affiche-forum.jpg","_links":{"self":[{"href":"http:\/\/scn-rando.fr\/index.php\/wp-json\/wp\/v2\/posts\/2014"}],"collection":[{"href":"http:\/\/scn-rando.fr\/index.php\/wp-json\/wp\/v2\/posts"}],"about":[{"href":"http:\/\/scn-rando.fr\/index.php\/wp-json\/wp\/v2\/types\/post"}],"author":[{"embeddable":true,"href":"http:\/\/scn-rando.fr\/index.php\/wp-json\/wp\/v2\/users\/1"}],"replies":[{"embeddable":true,"href":"http:\/\/scn-rando.fr\/index.php\/wp-json\/wp\/v2\/comments?post=2014"}],"version-history":[{"count":3,"href":"http:\/\/scn-rando.fr\/index.php\/wp-json\/wp\/v2\/posts\/2014\/revisions"}],"predecessor-version":[{"id":2018,"href":"http:\/\/scn-rando.fr\/index.php\/wp-json\/wp\/v2\/posts\/2014\/revisions\/2018"}],"wp:featuredmedia":[{"embeddable":true,"href":"http:\/\/scn-rando.fr\/index.php\/wp-json\/wp\/v2\/media\/2013"}],"wp:attachment":[{"href":"http:\/\/scn-rando.fr\/index.php\/wp-json\/wp\/v2\/media?parent=2014"}],"wp:term":[{"taxonomy":"category","embeddable":true,"href":"http:\/\/scn-rando.fr\/index.php\/wp-json\/wp\/v2\/categories?post=2014"},{"taxonomy":"post_tag","embeddable":true,"href":"http:\/\/scn-rando.fr\/index.php\/wp-json\/wp\/v2\/tags?post=2014"}],"curies":[{"name":"wp","href":"https:\/\/api.w.org\/{rel}","templated":true}]}}