{"id":1298,"date":"2020-01-25T14:49:43","date_gmt":"2020-01-25T13:49:43","guid":{"rendered":"http:\/\/scn-rando.fr\/?p=1298"},"modified":"2020-08-25T12:01:06","modified_gmt":"2020-08-25T10:01:06","slug":"randonnee-septfonds-circuit-peyrelevade-le-22-01-20","status":"publish","type":"post","link":"http:\/\/scn-rando.fr\/index.php\/2020\/01\/25\/randonnee-septfonds-circuit-peyrelevade-le-22-01-20\/","title":{"rendered":"RANDONNEE  \u00ab\u00a0SEPTFONDS &#8211; CIRCUIT PEYRELEVADE\u00a0\u00bb  le 22-01-20"},"content":{"rendered":"<p><span style=\"font-size: medium;\"><b>Parcours : <\/b><\/span><span style=\"font-family: Calibri,Calibri; font-size: medium;\">10,5 km <\/span><br \/>\n<span style=\"font-size: medium;\"><b>Dur\u00e9e : <\/b><\/span><span style=\"font-family: Calibri,Calibri; font-size: medium;\">2 H 30 <\/span><br \/>\n<span style=\"font-size: medium;\"><b>D\u00e9nivel\u00e9 <\/b><\/span><span style=\"font-family: Calibri,Calibri; font-size: medium;\">: circuit plat. <\/span><br \/>\n<span style=\"font-size: medium;\"><b>Participants <\/b><\/span><span style=\"font-family: Calibri,Calibri; font-size: medium;\">: 14 : Claire, Francine, Maryse, JPC, Julia, Dominique, Danielle D, Jean-Louis, Claude, Nicole, Ext\u00e9rieur, Monique, Fran\u00e7oise, Bernard. <\/span><\/p>\n<p>Une randonn\u00e9e autour de Septfonds pour visiter les dolmens et qui a d\u00e9but\u00e9 sous de fines gouttes de pluie, vite dispers\u00e9es par le vent. Le circuit sans difficult\u00e9 et tr\u00e8s agr\u00e9able \u00e0 travers chemins bien d\u00e9gag\u00e9s et sentiers, a \u00e9t\u00e9 appr\u00e9ci\u00e9 par l\u2019ensemble du groupe.<\/p>\n<p><!--more--><\/p>\n<p>Sur le premier tron\u00e7on du parcours, nous avons pu admirer pr\u00e9s de l\u2019a\u00e9rodrome les dolmens de FINELLE et de PEYRELEVADE qui sont des monuments fun\u00e9raires, que l\u2019on qualifie de m\u00e9galithiques, b\u00e2tis avec de grandes pierres. Ils ont \u00e9t\u00e9 utilis\u00e9s entre 3500 ans et 1700 ans avant JC. Ce sont des lieux de m\u00e9moire qui t\u00e9moignent de la pr\u00e9sence de nos lointains anc\u00eatres agriculteurs et qui m\u00e9ritent d\u2019\u00eatre respect\u00e9s et prot\u00e9g\u00e9s. Ils datent de la p\u00e9riode n\u00e9olithique.<\/p>\n<p>Le Dolmen de PEYRELEVADE est partiellement enfoui sous terre. Une grande dalle de 3 m de largeur et de 3,70 m de longueur recouvre une chambre longue de 2,90 m et large de 1,60 m.<\/p>\n<p>Le dolmen de FINELLE est un dolmen simple de 2,60 m de longueur et de 1, 20 m de large et d\u2019une hauteur de 1,16 m. Comme le pr\u00e9c\u00e9dent, il est orient\u00e9 est-ouest.<\/p>\n<p>Le reste du chemin \u00e0 travers bois, prairies et belles maisons du Bas-Quercy avec le traditionnel pigeonnier fut parcouru sans difficult\u00e9 apr\u00e8s une halte-d\u00e9jeuner pr\u00e9s de l\u2019immense carri\u00e8re.<\/p>\n<div class=\"n2_ss_slider_publish__option_code\" dir=\"ltr\" data-mode=\"id\"><\/div>\n","protected":false},"excerpt":{"rendered":"<p>Parcours : 10,5 km Dur\u00e9e : 2 H 30 D\u00e9nivel\u00e9 : circuit plat. Participants : 14 : Claire, Francine, Maryse, JPC, Julia, Dominique, Danielle D, Jean-Louis, Claude, Nicole, Ext\u00e9rieur, Monique, Fran\u00e7oise, Bernard. Une randonn\u00e9e autour de Septfonds pour visiter les dolmens et qui a d\u00e9but\u00e9 sous de fines gouttes de pluie, vite dispers\u00e9es par le &hellip; <a href=\"http:\/\/scn-rando.fr\/index.php\/2020\/01\/25\/randonnee-septfonds-circuit-peyrelevade-le-22-01-20\/\" class=\"more-link\">Continuer la lecture de <span class=\"screen-reader-text\">RANDONNEE  \u00ab\u00a0SEPTFONDS &#8211; CIRCUIT PEYRELEVADE\u00a0\u00bb  le 22-01-20<\/span>  <span class=\"meta-nav\">&rarr;<\/span><\/a><\/p>\n","protected":false},"author":1,"featured_media":1414,"comment_status":"closed","ping_status":"closed","sticky":false,"template":"","format":"standard","meta":{"ngg_post_thumbnail":0,"_jetpack_memberships_contains_paid_content":false,"footnotes":""},"categories":[4],"tags":[],"class_list":["post-1298","post","type-post","status-publish","format-standard","has-post-thumbnail","hentry","category-randonnees"],"jetpack_sharing_enabled":true,"jetpack_featured_media_url":"http:\/\/scn-rando.fr\/wp-content\/uploads\/2020\/08\/Peyrelevade-2.jpg","_links":{"self":[{"href":"http:\/\/scn-rando.fr\/index.php\/wp-json\/wp\/v2\/posts\/1298"}],"collection":[{"href":"http:\/\/scn-rando.fr\/index.php\/wp-json\/wp\/v2\/posts"}],"about":[{"href":"http:\/\/scn-rando.fr\/index.php\/wp-json\/wp\/v2\/types\/post"}],"author":[{"embeddable":true,"href":"http:\/\/scn-rando.fr\/index.php\/wp-json\/wp\/v2\/users\/1"}],"replies":[{"embeddable":true,"href":"http:\/\/scn-rando.fr\/index.php\/wp-json\/wp\/v2\/comments?post=1298"}],"version-history":[{"count":6,"href":"http:\/\/scn-rando.fr\/index.php\/wp-json\/wp\/v2\/posts\/1298\/revisions"}],"predecessor-version":[{"id":1425,"href":"http:\/\/scn-rando.fr\/index.php\/wp-json\/wp\/v2\/posts\/1298\/revisions\/1425"}],"wp:featuredmedia":[{"embeddable":true,"href":"http:\/\/scn-rando.fr\/index.php\/wp-json\/wp\/v2\/media\/1414"}],"wp:attachment":[{"href":"http:\/\/scn-rando.fr\/index.php\/wp-json\/wp\/v2\/media?parent=1298"}],"wp:term":[{"taxonomy":"category","embeddable":true,"href":"http:\/\/scn-rando.fr\/index.php\/wp-json\/wp\/v2\/categories?post=1298"},{"taxonomy":"post_tag","embeddable":true,"href":"http:\/\/scn-rando.fr\/index.php\/wp-json\/wp\/v2\/tags?post=1298"}],"curies":[{"name":"wp","href":"https:\/\/api.w.org\/{rel}","templated":true}]}}